{"id":4167,"date":"2021-07-09T11:56:06","date_gmt":"2021-07-09T16:56:06","guid":{"rendered":"https:\/\/www.almacafe.com.co\/la-funcion-del-area-de-compras-y-suministros-en-tiempos-de-crisis\/"},"modified":"2021-08-17T09:36:22","modified_gmt":"2021-08-17T14:36:22","slug":"la-funcion-del-area-de-compras-y-suministros-en-tiempos-de-crisis","status":"publish","type":"post","link":"https:\/\/www.almacafe.com.co\/en\/la-funcion-del-area-de-compras-y-suministros-en-tiempos-de-crisis\/","title":{"rendered":"La funci\u00f3n del \u00e1rea de Compras y Suministros en tiempos de crisis"},"content":{"rendered":"<div class=\"wpb-content-wrapper\"><p>[vc_row full_width=&#8221;stretch_row_content_no_spaces&#8221;][vc_column css=&#8221;.vc_custom_1592494689605{margin-top: -80px !important;}&#8221;][vc_column_text]<\/p>\n<div class=\"title_bg_services\">\n<p><img loading=\"lazy\" decoding=\"async\" class=\"alignnone size-full wp-image-2189\" src=\"\/assets\/media\/2020\/07\/img_nosotros-almacafe.jpg\" alt=\"\" width=\"1920\" height=\"600\" srcset=\"https:\/\/www.almacafe.com.co\/assets\/media\/2020\/07\/img_nosotros-almacafe.jpg 1920w, https:\/\/www.almacafe.com.co\/assets\/media\/2020\/07\/img_nosotros-almacafe-300x94.jpg 300w, https:\/\/www.almacafe.com.co\/assets\/media\/2020\/07\/img_nosotros-almacafe-1024x320.jpg 1024w, https:\/\/www.almacafe.com.co\/assets\/media\/2020\/07\/img_nosotros-almacafe-768x240.jpg 768w, https:\/\/www.almacafe.com.co\/assets\/media\/2020\/07\/img_nosotros-almacafe-1536x480.jpg 1536w, https:\/\/www.almacafe.com.co\/assets\/media\/2020\/07\/img_nosotros-almacafe-260x81.jpg 260w, https:\/\/www.almacafe.com.co\/assets\/media\/2020\/07\/img_nosotros-almacafe-50x16.jpg 50w, https:\/\/www.almacafe.com.co\/assets\/media\/2020\/07\/img_nosotros-almacafe-150x47.jpg 150w\" sizes=\"(max-width:767px) 480px, (max-width:1920px) 100vw, 1920px\" \/><\/p>\n<div class=\"title_services\">Logic Net<\/div>\n<\/div>\n<p>[\/vc_column_text][\/vc_column][\/vc_row][vc_row full_width=&#8221;stretch_row_content_no_spaces&#8221; css=&#8221;.vc_custom_1589222650864{margin-top: -35px !important;background-color: #f5f5f5 !important;}&#8221;][vc_column offset=&#8221;vc_hidden-sm vc_hidden-xs&#8221;][vc_row_inner][vc_column_inner][vc_column_text css=&#8221;.vc_custom_1591996828543{padding-left: 40px !important;}&#8221;]<\/p>\n<ul class=\"t1\">\n<li><span style=\"letter-spacing: 1px;\">BLOG INSTITUCIONAL<\/span><\/li>\n<\/ul>\n<p>[\/vc_column_text][\/vc_column_inner][\/vc_row_inner][vc_empty_space][vc_row_inner][vc_column_inner width=&#8221;5\/6&#8243;][vc_column_text css=&#8221;.vc_custom_1626280812903{padding-left: 40px !important;}&#8221;]<\/p>\n<h2 style=\"text-align: center;\">La Funci\u00f3n del \u00c1rea de Compras y Suministros <strong>en Tiempos de Crisis<\/strong><\/h2>\n<p>&nbsp;<\/p>\n<p style=\"text-align: justify;\">La funci\u00f3n de Compras y Suministros cada d\u00eda toma un papel m\u00e1s relevante dentro de las organizaciones o, dicho de otra manera, se le est\u00e1 dando realmente el rol protag\u00f3nico que se merece, pues gran parte de la rentabilidad y sostenibilidad de los negocios, reposa en la gesti\u00f3n que aqu\u00ed se haga y de la manera c\u00f3mo interact\u00fae e integre a todos los actores de la Cadena de Suministros; actores tanto internos como externos.<\/p>\n<p style=\"text-align: justify;\">Con el inicio de la pandemia a principios de 2020, m\u00e1s todos los eventos de orden p\u00fablico y social, vividos en los \u00faltimos meses en Colombia, se hace necesaria una reinvenci\u00f3n de las organizaciones en todos los niveles.<\/p>\n<p style=\"text-align: justify;\">Algunos de los retos que surgen de este complejo escenario a nivel de este proceso, se citan a continuaci\u00f3n:<\/p>\n<p style=\"text-align: justify; padding-left: 40px;\"><strong>&#8211; Las personas<\/strong>, su integridad f\u00edsica, mental y su capacidad para reaccionar ante los retos de manera adecuada-<\/p>\n<p style=\"text-align: justify; padding-left: 40px;\"><strong>&#8211; La sostenibilidad del negocio<\/strong>, reaccionar de manera \u00e1gil y asertiva ante los cambios abruptos del entorno<\/p>\n<p style=\"text-align: justify; padding-left: 40px;\">&#8211; La reformulaci\u00f3n de una nueva <strong>estrategia<\/strong><\/p>\n<h4 style=\"text-align: justify;\"><img loading=\"lazy\" decoding=\"async\" class=\"wp-image-4155 aligncenter\" style=\"font-size: 14px;\" src=\"https:\/\/www.almacafe.com.co\/assets\/media\/2021\/07\/Compras-y-Suministros-1.png\" alt=\"\" width=\"332\" height=\"276\" srcset=\"https:\/\/www.almacafe.com.co\/assets\/media\/2021\/07\/Compras-y-Suministros-1.png 664w, https:\/\/www.almacafe.com.co\/assets\/media\/2021\/07\/Compras-y-Suministros-1-300x249.png 300w, https:\/\/www.almacafe.com.co\/assets\/media\/2021\/07\/Compras-y-Suministros-1-176x146.png 176w, https:\/\/www.almacafe.com.co\/assets\/media\/2021\/07\/Compras-y-Suministros-1-50x41.png 50w, https:\/\/www.almacafe.com.co\/assets\/media\/2021\/07\/Compras-y-Suministros-1-90x75.png 90w\" sizes=\"(max-width:767px) 332px, 332px\" \/><\/h4>\n<h4 style=\"text-align: justify;\"><strong>Personas<\/strong><\/h4>\n<p style=\"text-align: justify;\">Este aspecto considera dos aristas, la primera es brindar al personal propio y al externo que interact\u00faa con la organizaci\u00f3n, un ambiente seguro; desarrollar e implementar protocolos de bioseguridad, procesos que resguarden la salud tanto f\u00edsica como mental, procedimientos de entregas seguras con los proveedores y clientes,\u00a0 ergonom\u00eda y en general, tener identificados, monitoreados y mitigados los factores de riesgo m\u00e1s importantes que puedan afectar a las personas.<\/p>\n<p style=\"text-align: justify;\">El segundo aspecto es repotenciar y empoderar al equipo de Suministros, brindarle capacitaci\u00f3n t\u00e9cnica y metodol\u00f3gica, alinearlo hacia un nuevo objetivo com\u00fan, brindarle m\u00e9tricas e informaci\u00f3n permanente para evidenciar la evoluci\u00f3n de sus acciones y sobre todo, brindarle la confianza para aportar y desarrollar nuevas iniciativas.<\/p>\n<p>&nbsp;<\/p>\n<h4 style=\"text-align: justify;\"><strong>La Sostenibilidad del Negocio<\/strong><\/h4>\n<p style=\"text-align: justify;\">Darle continuidad al negocio requiere de la participaci\u00f3n y sobre todo del compromiso de todos los stakeholders de la organizaci\u00f3n; rodear y empoderar al \u00e1rea de Suministros para desarrollar r\u00e1pidamente acciones efectivas y el apoyo de la alta gerencia, son puntos indispensables en este proceso.<\/p>\n<p style=\"text-align: justify;\">Aqu\u00ed tenemos aspectos que deben ser liderados por el \u00e1rea de Suministros en una coyuntura de crisis y estos son: <strong>Ajustar el flujo de suministros a las necesidades reales, optimizar el flujo de caja<\/strong>, pues gran parte de los recursos financieros, se destinan al pago de proveedores y el uso de los inventarios disponibles y por \u00faltimo, la <strong>optimizaci\u00f3n de los costos generados por compras a terceros.<\/strong><\/p>\n<p style=\"text-align: justify;\">En primera instancia, ante un cambio abrupto en la demanda, el \u00e1rea de Suministros debe reaccionar r\u00e1pidamente, ya sea para suspender, reducir o inclusive aumentar el flujo de insumos requeridos para dar sostenibilidad al negocio. En cuanto al <strong>flujo de caja<\/strong> se refiere, aqu\u00ed se deben estrechar los lazos con el \u00e1rea financiera (Tesorer\u00eda), tener claridad sobre la posici\u00f3n de caja que se tiene para optimizar inventarios, priorizar recursos y buscar mecanismos alternativos de apalancamiento; acompa\u00f1ado por supuesto de una estrecha comunicaci\u00f3n con los proveedores, \u201cno abandonarlos\u201d, sino trabajar en equipo con ellos, buscando alternativas para superar las restricciones de caja que se puedan presentar.<\/p>\n<p style=\"text-align: justify;\">Respecto a la optimizaci\u00f3n de <strong>costos generados por compras a terceros<\/strong>, se requiere mucha creatividad y compromiso para romper el \u201cStatus Quo\u201d y es pr\u00e1cticamente arrancar de ceros, ir m\u00e1s all\u00e1 de la simple renegociaci\u00f3n con proveedores, repensar procesos, especificaciones, formas de trabajar y romper todos los paradigmas existentes, \u201cTodo es revisable\u201d inclusive hasta los acuerdos y contratos ya formalizados. Para esto se requiere de la conformaci\u00f3n de equipos multifuncionales que trabajen en la b\u00fasqueda e implementaci\u00f3n de iniciativas, la direcci\u00f3n de este proceso debe ser llevada indudablemente por el \u00e1rea de Suministros.<\/p>\n<p>&nbsp;<\/p>\n<h4 style=\"text-align: justify;\"><strong>Estrategia<\/strong><\/h4>\n<p style=\"text-align: justify;\">Es inevitable que todo lo que ha venido sucediendo en los \u00faltimos meses a nivel del COVID-19 y temas de orden p\u00fablico y social en Colombia, ha obligado a las empresas a tomar r\u00e1pidas acciones que no necesariamente est\u00e1n alineadas con la estrategia de las mismas; esto hace necesario, que desde ahora, las empresas que no lo hayan considerado, conformen dos equipos, uno dedicado a superar la crisis \u201cEquipo de crisis\u201d y un \u201cEquipo de Estrategia\u201d, los cuales deben estar cruzando permanentemente informaci\u00f3n para armonizar y sincronizar las acciones que se toman desde el lado estrat\u00e9gico, del t\u00e1ctico y del operativo, y as\u00ed validar los impactos que se puedan tener en cualquiera de estas dos direcciones para actuar siempre de manera coherente.<\/p>\n<p style=\"text-align: justify;\">Es indudable que el mundo viene cambiando abruptamente, m\u00e1s a ra\u00edz de los eventos ya mencionados, lo que ha tra\u00eddo consigo la necesidad de adoptar varios temas que se consideran pertinentes:<\/p>\n<p style=\"padding-left: 40px;\">&#8211; Convergencia de tecnolog\u00edas para la b\u00fasqueda y selecci\u00f3n de proveedores, automatizaci\u00f3n de los procesos operativos para la adquisici\u00f3n de bienes y servicios; d\u00e1ndole espacio a la implementaci\u00f3n de procesos estrat\u00e9gicos en la funci\u00f3n de Compras y Suministros.<\/p>\n<p style=\"padding-left: 40px;\">&#8211; Esquemas transversales de interacci\u00f3n del \u00e1rea de Compras y Suministros a trav\u00e9s de modelos de Gesti\u00f3n por Categor\u00edas de los bienes y servicios requeridos por la organizaci\u00f3n (Category Management).<\/p>\n<p style=\"padding-left: 40px;\">&#8211; Crear esquemas de interacci\u00f3n colaborativa dentro y fuera de las organizaciones, compartir experiencias, buenas pr\u00e1cticas, mesas t\u00e9cnicas.<\/p>\n<p style=\"padding-left: 40px;\">&#8211; Procesamiento y Anal\u00edtica de datos, que brinden informaci\u00f3n certera, oportuna y enfocada en evidenciar el comportamiento de los aspectos relevantes para la evoluci\u00f3n y diferenciaci\u00f3n del negocio.<\/p>\n<p style=\"padding-left: 40px;\">&#8211; No menos importante, es la conformaci\u00f3n de un equipo de personas integro, en el que resalten aspectos como la resiliencia, la creatividad, el liderazgo y por supuesto el conocimiento t\u00e9cnico y metodol\u00f3gico.<\/p>\n<p>\u00a0[\/vc_column_text][\/vc_column_inner][vc_column_inner width=&#8221;1\/6&#8243;][\/vc_column_inner][\/vc_row_inner][\/vc_column][\/vc_row]<\/p>\n<\/div>","protected":false},"excerpt":{"rendered":"<p>[vc_row full_width=&#8221;stretch_row_content_no_spaces&#8221;][vc_column css=&#8221;.vc_custom_1592494689605{margin-top: -80px !important;}&#8221;][vc_column_text] Logic Net [\/vc_column_text][\/vc_column][\/vc_row][vc_row full_width=&#8221;stretch_row_content_no_spaces&#8221; css=&#8221;.vc_custom_1589222650864{margin-top: -35px !important;background-color: #f5f5f5 !important;}&#8221;][vc_column offset=&#8221;vc_hidden-sm vc_hidden-xs&#8221;][vc_row_inner][vc_column_inner][vc_column_text css=&#8221;.vc_custom_1591996828543{padding-left: 40px !important;}&#8221;] BLOG INSTITUCIONAL [\/vc_column_text][\/vc_column_inner][\/vc_row_inner][vc_empty_space][vc_row_inner][vc_column_inner width=&#8221;5\/6&#8243;][vc_column_text css=&#8221;.vc_custom_1626280812903{padding-left: 40px !important;}&#8221;]<span class=\"excerpt-hellip\"> [\u2026]<\/span><\/p>\n","protected":false},"author":7,"featured_media":4328,"comment_status":"open","ping_status":"open","sticky":false,"template":"","format":"standard","meta":{"inline_featured_image":false,"footnotes":""},"categories":[278],"tags":[333,334,335,336,337,338],"class_list":["post-4167","post","type-post","status-publish","format-standard","has-post-thumbnail","hentry","category-logistica-en","tag-cadena-de-suministros-en","tag-compras-en","tag-estrategia-en","tag-sostenibilidad-en","tag-stakeholders-en","tag-suministros-en"],"yoast_head":"<!-- This site is optimized with the Yoast SEO plugin v23.0 - https:\/\/yoast.com\/wordpress\/plugins\/seo\/ -->\n<title>La funci\u00f3n del \u00e1rea de Compras y Suministros en tiempos de crisis | Almacaf\u00e9<\/title>\n<meta name=\"robots\" content=\"index, follow, max-snippet:-1, max-image-preview:large, max-video-preview:-1\" \/>\n<link rel=\"canonical\" href=\"https:\/\/www.almacafe.com.co\/en\/la-funcion-del-area-de-compras-y-suministros-en-tiempos-de-crisis\/\" \/>\n<meta property=\"og:locale\" content=\"en_US\" \/>\n<meta property=\"og:type\" content=\"article\" \/>\n<meta property=\"og:title\" content=\"La funci\u00f3n del \u00e1rea de Compras y Suministros en tiempos de crisis | Almacaf\u00e9\" \/>\n<meta property=\"og:description\" content=\"[vc_row full_width=&#8221;stretch_row_content_no_spaces&#8221;][vc_column css=&#8221;.vc_custom_1592494689605{margin-top: -80px !important;}&#8221;][vc_column_text] Logic Net [\/vc_column_text][\/vc_column][\/vc_row][vc_row full_width=&#8221;stretch_row_content_no_spaces&#8221; css=&#8221;.vc_custom_1589222650864{margin-top: -35px !important;background-color: #f5f5f5 !important;}&#8221;][vc_column offset=&#8221;vc_hidden-sm vc_hidden-xs&#8221;][vc_row_inner][vc_column_inner][vc_column_text css=&#8221;.vc_custom_1591996828543{padding-left: 40px !important;}&#8221;] BLOG INSTITUCIONAL [\/vc_column_text][\/vc_column_inner][\/vc_row_inner][vc_empty_space][vc_row_inner][vc_column_inner width=&#8221;5\/6&#8243;][vc_column_text css=&#8221;.vc_custom_1626280812903{padding-left: 40px !important;}&#8221;] [\u2026]\" \/>\n<meta property=\"og:url\" content=\"https:\/\/www.almacafe.com.co\/en\/la-funcion-del-area-de-compras-y-suministros-en-tiempos-de-crisis\/\" \/>\n<meta property=\"og:site_name\" content=\"Almacaf\u00e9\" \/>\n<meta property=\"article:published_time\" content=\"2021-07-09T16:56:06+00:00\" \/>\n<meta property=\"article:modified_time\" content=\"2021-08-17T14:36:22+00:00\" \/>\n<meta property=\"og:image\" content=\"https:\/\/www.almacafe.com.co\/assets\/media\/2021\/07\/shutterstock_117766813.jpg\" \/>\n\t<meta property=\"og:image:width\" content=\"2453\" \/>\n\t<meta property=\"og:image:height\" content=\"1632\" \/>\n\t<meta property=\"og:image:type\" content=\"image\/jpeg\" \/>\n<meta name=\"author\" content=\"Eliana Carolina Beltr\u00e1n\" \/>\n<meta name=\"twitter:card\" content=\"summary_large_image\" \/>\n<meta name=\"twitter:label1\" content=\"Written by\" \/>\n\t<meta name=\"twitter:data1\" content=\"Eliana Carolina Beltr\u00e1n\" \/>\n\t<meta name=\"twitter:label2\" content=\"Est. reading time\" \/>\n\t<meta name=\"twitter:data2\" content=\"6 minutes\" \/>\n<script type=\"application\/ld+json\" class=\"yoast-schema-graph\">{\"@context\":\"https:\/\/schema.org\",\"@graph\":[{\"@type\":\"Article\",\"@id\":\"https:\/\/www.almacafe.com.co\/en\/la-funcion-del-area-de-compras-y-suministros-en-tiempos-de-crisis\/#article\",\"isPartOf\":{\"@id\":\"https:\/\/www.almacafe.com.co\/en\/la-funcion-del-area-de-compras-y-suministros-en-tiempos-de-crisis\/\"},\"author\":{\"name\":\"Eliana Carolina Beltr\u00e1n\",\"@id\":\"https:\/\/www.almacafe.com.co\/#\/schema\/person\/8d4404acc0be3ea6fbe88b69830a92ae\"},\"headline\":\"La funci\u00f3n del \u00e1rea de Compras y Suministros en tiempos de crisis\",\"datePublished\":\"2021-07-09T16:56:06+00:00\",\"dateModified\":\"2021-08-17T14:36:22+00:00\",\"mainEntityOfPage\":{\"@id\":\"https:\/\/www.almacafe.com.co\/en\/la-funcion-del-area-de-compras-y-suministros-en-tiempos-de-crisis\/\"},\"wordCount\":1129,\"commentCount\":0,\"publisher\":{\"@id\":\"https:\/\/www.almacafe.com.co\/#organization\"},\"image\":{\"@id\":\"https:\/\/www.almacafe.com.co\/en\/la-funcion-del-area-de-compras-y-suministros-en-tiempos-de-crisis\/#primaryimage\"},\"thumbnailUrl\":\"https:\/\/www.almacafe.com.co\/assets\/media\/2021\/07\/shutterstock_117766813.jpg\",\"keywords\":[\"Cadena de suministros\",\"Compras\",\"estrategia\",\"sostenibilidad\",\"stakeholders\",\"Suministros\"],\"articleSection\":[\"Log\u00edstica\"],\"inLanguage\":\"en-US\",\"potentialAction\":[{\"@type\":\"CommentAction\",\"name\":\"Comment\",\"target\":[\"https:\/\/www.almacafe.com.co\/en\/la-funcion-del-area-de-compras-y-suministros-en-tiempos-de-crisis\/#respond\"]}]},{\"@type\":\"WebPage\",\"@id\":\"https:\/\/www.almacafe.com.co\/en\/la-funcion-del-area-de-compras-y-suministros-en-tiempos-de-crisis\/\",\"url\":\"https:\/\/www.almacafe.com.co\/en\/la-funcion-del-area-de-compras-y-suministros-en-tiempos-de-crisis\/\",\"name\":\"La funci\u00f3n del \u00e1rea de Compras y Suministros en tiempos de crisis | Almacaf\u00e9\",\"isPartOf\":{\"@id\":\"https:\/\/www.almacafe.com.co\/#website\"},\"primaryImageOfPage\":{\"@id\":\"https:\/\/www.almacafe.com.co\/en\/la-funcion-del-area-de-compras-y-suministros-en-tiempos-de-crisis\/#primaryimage\"},\"image\":{\"@id\":\"https:\/\/www.almacafe.com.co\/en\/la-funcion-del-area-de-compras-y-suministros-en-tiempos-de-crisis\/#primaryimage\"},\"thumbnailUrl\":\"https:\/\/www.almacafe.com.co\/assets\/media\/2021\/07\/shutterstock_117766813.jpg\",\"datePublished\":\"2021-07-09T16:56:06+00:00\",\"dateModified\":\"2021-08-17T14:36:22+00:00\",\"breadcrumb\":{\"@id\":\"https:\/\/www.almacafe.com.co\/en\/la-funcion-del-area-de-compras-y-suministros-en-tiempos-de-crisis\/#breadcrumb\"},\"inLanguage\":\"en-US\",\"potentialAction\":[{\"@type\":\"ReadAction\",\"target\":[\"https:\/\/www.almacafe.com.co\/en\/la-funcion-del-area-de-compras-y-suministros-en-tiempos-de-crisis\/\"]}]},{\"@type\":\"ImageObject\",\"inLanguage\":\"en-US\",\"@id\":\"https:\/\/www.almacafe.com.co\/en\/la-funcion-del-area-de-compras-y-suministros-en-tiempos-de-crisis\/#primaryimage\",\"url\":\"https:\/\/www.almacafe.com.co\/assets\/media\/2021\/07\/shutterstock_117766813.jpg\",\"contentUrl\":\"https:\/\/www.almacafe.com.co\/assets\/media\/2021\/07\/shutterstock_117766813.jpg\",\"width\":2453,\"height\":1632},{\"@type\":\"BreadcrumbList\",\"@id\":\"https:\/\/www.almacafe.com.co\/en\/la-funcion-del-area-de-compras-y-suministros-en-tiempos-de-crisis\/#breadcrumb\",\"itemListElement\":[{\"@type\":\"ListItem\",\"position\":1,\"name\":\"Home\",\"item\":\"https:\/\/www.almacafe.com.co\/\"},{\"@type\":\"ListItem\",\"position\":2,\"name\":\"La funci\u00f3n del \u00e1rea de Compras y Suministros en tiempos de crisis\"}]},{\"@type\":\"WebSite\",\"@id\":\"https:\/\/www.almacafe.com.co\/#website\",\"url\":\"https:\/\/www.almacafe.com.co\/\",\"name\":\"Almacaf\u00e9\",\"description\":\"Su log\u00edstica, nuestra alma\",\"publisher\":{\"@id\":\"https:\/\/www.almacafe.com.co\/#organization\"},\"potentialAction\":[{\"@type\":\"SearchAction\",\"target\":{\"@type\":\"EntryPoint\",\"urlTemplate\":\"https:\/\/www.almacafe.com.co\/?s={search_term_string}\"},\"query-input\":\"required name=search_term_string\"}],\"inLanguage\":\"en-US\"},{\"@type\":\"Organization\",\"@id\":\"https:\/\/www.almacafe.com.co\/#organization\",\"name\":\"Almacaf\u00e9\",\"url\":\"https:\/\/www.almacafe.com.co\/\",\"logo\":{\"@type\":\"ImageObject\",\"inLanguage\":\"en-US\",\"@id\":\"https:\/\/www.almacafe.com.co\/#\/schema\/logo\/image\/\",\"url\":\"https:\/\/www.almacafe.com.co\/assets\/media\/2020\/06\/logo-almacafe-retina.png\",\"contentUrl\":\"https:\/\/www.almacafe.com.co\/assets\/media\/2020\/06\/logo-almacafe-retina.png\",\"width\":434,\"height\":53,\"caption\":\"Almacaf\u00e9\"},\"image\":{\"@id\":\"https:\/\/www.almacafe.com.co\/#\/schema\/logo\/image\/\"}},{\"@type\":\"Person\",\"@id\":\"https:\/\/www.almacafe.com.co\/#\/schema\/person\/8d4404acc0be3ea6fbe88b69830a92ae\",\"name\":\"Eliana Carolina Beltr\u00e1n\",\"image\":{\"@type\":\"ImageObject\",\"inLanguage\":\"en-US\",\"@id\":\"https:\/\/www.almacafe.com.co\/#\/schema\/person\/image\/\",\"url\":\"https:\/\/secure.gravatar.com\/avatar\/b8fc5a0e1d1fcc6df903c18e3d01d61a?s=96&d=mm&r=g\",\"contentUrl\":\"https:\/\/secure.gravatar.com\/avatar\/b8fc5a0e1d1fcc6df903c18e3d01d61a?s=96&d=mm&r=g\",\"caption\":\"Eliana Carolina Beltr\u00e1n\"},\"sameAs\":[\"http:\/\/almacafe.com.co\"],\"url\":\"https:\/\/www.almacafe.com.co\/en\/author\/eliana\/\"}]}<\/script>\n<!-- \/ Yoast SEO plugin. -->","yoast_head_json":{"title":"La funci\u00f3n del \u00e1rea de Compras y Suministros en tiempos de crisis | Almacaf\u00e9","robots":{"index":"index","follow":"follow","max-snippet":"max-snippet:-1","max-image-preview":"max-image-preview:large","max-video-preview":"max-video-preview:-1"},"canonical":"https:\/\/www.almacafe.com.co\/en\/la-funcion-del-area-de-compras-y-suministros-en-tiempos-de-crisis\/","og_locale":"en_US","og_type":"article","og_title":"La funci\u00f3n del \u00e1rea de Compras y Suministros en tiempos de crisis | Almacaf\u00e9","og_description":"[vc_row full_width=&#8221;stretch_row_content_no_spaces&#8221;][vc_column css=&#8221;.vc_custom_1592494689605{margin-top: -80px !important;}&#8221;][vc_column_text] Logic Net [\/vc_column_text][\/vc_column][\/vc_row][vc_row full_width=&#8221;stretch_row_content_no_spaces&#8221; css=&#8221;.vc_custom_1589222650864{margin-top: -35px !important;background-color: #f5f5f5 !important;}&#8221;][vc_column offset=&#8221;vc_hidden-sm vc_hidden-xs&#8221;][vc_row_inner][vc_column_inner][vc_column_text css=&#8221;.vc_custom_1591996828543{padding-left: 40px !important;}&#8221;] BLOG INSTITUCIONAL [\/vc_column_text][\/vc_column_inner][\/vc_row_inner][vc_empty_space][vc_row_inner][vc_column_inner width=&#8221;5\/6&#8243;][vc_column_text css=&#8221;.vc_custom_1626280812903{padding-left: 40px !important;}&#8221;] [\u2026]","og_url":"https:\/\/www.almacafe.com.co\/en\/la-funcion-del-area-de-compras-y-suministros-en-tiempos-de-crisis\/","og_site_name":"Almacaf\u00e9","article_published_time":"2021-07-09T16:56:06+00:00","article_modified_time":"2021-08-17T14:36:22+00:00","og_image":[{"width":2453,"height":1632,"url":"https:\/\/www.almacafe.com.co\/assets\/media\/2021\/07\/shutterstock_117766813.jpg","type":"image\/jpeg"}],"author":"Eliana Carolina Beltr\u00e1n","twitter_card":"summary_large_image","twitter_misc":{"Written by":"Eliana Carolina Beltr\u00e1n","Est. reading time":"6 minutes"},"schema":{"@context":"https:\/\/schema.org","@graph":[{"@type":"Article","@id":"https:\/\/www.almacafe.com.co\/en\/la-funcion-del-area-de-compras-y-suministros-en-tiempos-de-crisis\/#article","isPartOf":{"@id":"https:\/\/www.almacafe.com.co\/en\/la-funcion-del-area-de-compras-y-suministros-en-tiempos-de-crisis\/"},"author":{"name":"Eliana Carolina Beltr\u00e1n","@id":"https:\/\/www.almacafe.com.co\/#\/schema\/person\/8d4404acc0be3ea6fbe88b69830a92ae"},"headline":"La funci\u00f3n del \u00e1rea de Compras y Suministros en tiempos de crisis","datePublished":"2021-07-09T16:56:06+00:00","dateModified":"2021-08-17T14:36:22+00:00","mainEntityOfPage":{"@id":"https:\/\/www.almacafe.com.co\/en\/la-funcion-del-area-de-compras-y-suministros-en-tiempos-de-crisis\/"},"wordCount":1129,"commentCount":0,"publisher":{"@id":"https:\/\/www.almacafe.com.co\/#organization"},"image":{"@id":"https:\/\/www.almacafe.com.co\/en\/la-funcion-del-area-de-compras-y-suministros-en-tiempos-de-crisis\/#primaryimage"},"thumbnailUrl":"https:\/\/www.almacafe.com.co\/assets\/media\/2021\/07\/shutterstock_117766813.jpg","keywords":["Cadena de suministros","Compras","estrategia","sostenibilidad","stakeholders","Suministros"],"articleSection":["Log\u00edstica"],"inLanguage":"en-US","potentialAction":[{"@type":"CommentAction","name":"Comment","target":["https:\/\/www.almacafe.com.co\/en\/la-funcion-del-area-de-compras-y-suministros-en-tiempos-de-crisis\/#respond"]}]},{"@type":"WebPage","@id":"https:\/\/www.almacafe.com.co\/en\/la-funcion-del-area-de-compras-y-suministros-en-tiempos-de-crisis\/","url":"https:\/\/www.almacafe.com.co\/en\/la-funcion-del-area-de-compras-y-suministros-en-tiempos-de-crisis\/","name":"La funci\u00f3n del \u00e1rea de Compras y Suministros en tiempos de crisis | Almacaf\u00e9","isPartOf":{"@id":"https:\/\/www.almacafe.com.co\/#website"},"primaryImageOfPage":{"@id":"https:\/\/www.almacafe.com.co\/en\/la-funcion-del-area-de-compras-y-suministros-en-tiempos-de-crisis\/#primaryimage"},"image":{"@id":"https:\/\/www.almacafe.com.co\/en\/la-funcion-del-area-de-compras-y-suministros-en-tiempos-de-crisis\/#primaryimage"},"thumbnailUrl":"https:\/\/www.almacafe.com.co\/assets\/media\/2021\/07\/shutterstock_117766813.jpg","datePublished":"2021-07-09T16:56:06+00:00","dateModified":"2021-08-17T14:36:22+00:00","breadcrumb":{"@id":"https:\/\/www.almacafe.com.co\/en\/la-funcion-del-area-de-compras-y-suministros-en-tiempos-de-crisis\/#breadcrumb"},"inLanguage":"en-US","potentialAction":[{"@type":"ReadAction","target":["https:\/\/www.almacafe.com.co\/en\/la-funcion-del-area-de-compras-y-suministros-en-tiempos-de-crisis\/"]}]},{"@type":"ImageObject","inLanguage":"en-US","@id":"https:\/\/www.almacafe.com.co\/en\/la-funcion-del-area-de-compras-y-suministros-en-tiempos-de-crisis\/#primaryimage","url":"https:\/\/www.almacafe.com.co\/assets\/media\/2021\/07\/shutterstock_117766813.jpg","contentUrl":"https:\/\/www.almacafe.com.co\/assets\/media\/2021\/07\/shutterstock_117766813.jpg","width":2453,"height":1632},{"@type":"BreadcrumbList","@id":"https:\/\/www.almacafe.com.co\/en\/la-funcion-del-area-de-compras-y-suministros-en-tiempos-de-crisis\/#breadcrumb","itemListElement":[{"@type":"ListItem","position":1,"name":"Home","item":"https:\/\/www.almacafe.com.co\/"},{"@type":"ListItem","position":2,"name":"La funci\u00f3n del \u00e1rea de Compras y Suministros en tiempos de crisis"}]},{"@type":"WebSite","@id":"https:\/\/www.almacafe.com.co\/#website","url":"https:\/\/www.almacafe.com.co\/","name":"Almacaf\u00e9","description":"Su log\u00edstica, nuestra alma","publisher":{"@id":"https:\/\/www.almacafe.com.co\/#organization"},"potentialAction":[{"@type":"SearchAction","target":{"@type":"EntryPoint","urlTemplate":"https:\/\/www.almacafe.com.co\/?s={search_term_string}"},"query-input":"required name=search_term_string"}],"inLanguage":"en-US"},{"@type":"Organization","@id":"https:\/\/www.almacafe.com.co\/#organization","name":"Almacaf\u00e9","url":"https:\/\/www.almacafe.com.co\/","logo":{"@type":"ImageObject","inLanguage":"en-US","@id":"https:\/\/www.almacafe.com.co\/#\/schema\/logo\/image\/","url":"https:\/\/www.almacafe.com.co\/assets\/media\/2020\/06\/logo-almacafe-retina.png","contentUrl":"https:\/\/www.almacafe.com.co\/assets\/media\/2020\/06\/logo-almacafe-retina.png","width":434,"height":53,"caption":"Almacaf\u00e9"},"image":{"@id":"https:\/\/www.almacafe.com.co\/#\/schema\/logo\/image\/"}},{"@type":"Person","@id":"https:\/\/www.almacafe.com.co\/#\/schema\/person\/8d4404acc0be3ea6fbe88b69830a92ae","name":"Eliana Carolina Beltr\u00e1n","image":{"@type":"ImageObject","inLanguage":"en-US","@id":"https:\/\/www.almacafe.com.co\/#\/schema\/person\/image\/","url":"https:\/\/secure.gravatar.com\/avatar\/b8fc5a0e1d1fcc6df903c18e3d01d61a?s=96&d=mm&r=g","contentUrl":"https:\/\/secure.gravatar.com\/avatar\/b8fc5a0e1d1fcc6df903c18e3d01d61a?s=96&d=mm&r=g","caption":"Eliana Carolina Beltr\u00e1n"},"sameAs":["http:\/\/almacafe.com.co"],"url":"https:\/\/www.almacafe.com.co\/en\/author\/eliana\/"}]}},"_links":{"self":[{"href":"https:\/\/www.almacafe.com.co\/en\/wp-json\/wp\/v2\/posts\/4167"}],"collection":[{"href":"https:\/\/www.almacafe.com.co\/en\/wp-json\/wp\/v2\/posts"}],"about":[{"href":"https:\/\/www.almacafe.com.co\/en\/wp-json\/wp\/v2\/types\/post"}],"author":[{"embeddable":true,"href":"https:\/\/www.almacafe.com.co\/en\/wp-json\/wp\/v2\/users\/7"}],"replies":[{"embeddable":true,"href":"https:\/\/www.almacafe.com.co\/en\/wp-json\/wp\/v2\/comments?post=4167"}],"version-history":[{"count":1,"href":"https:\/\/www.almacafe.com.co\/en\/wp-json\/wp\/v2\/posts\/4167\/revisions"}],"predecessor-version":[{"id":4329,"href":"https:\/\/www.almacafe.com.co\/en\/wp-json\/wp\/v2\/posts\/4167\/revisions\/4329"}],"wp:featuredmedia":[{"embeddable":true,"href":"https:\/\/www.almacafe.com.co\/en\/wp-json\/wp\/v2\/media\/4328"}],"wp:attachment":[{"href":"https:\/\/www.almacafe.com.co\/en\/wp-json\/wp\/v2\/media?parent=4167"}],"wp:term":[{"taxonomy":"category","embeddable":true,"href":"https:\/\/www.almacafe.com.co\/en\/wp-json\/wp\/v2\/categories?post=4167"},{"taxonomy":"post_tag","embeddable":true,"href":"https:\/\/www.almacafe.com.co\/en\/wp-json\/wp\/v2\/tags?post=4167"}],"curies":[{"name":"wp","href":"https:\/\/api.w.org\/{rel}","templated":true}]}}