{"id":4326,"date":"2021-08-10T09:29:02","date_gmt":"2021-08-10T14:29:02","guid":{"rendered":"https:\/\/www.almacafe.com.co\/pilares-de-la-cadena-de-suministro\/"},"modified":"2021-08-10T09:29:02","modified_gmt":"2021-08-10T14:29:02","slug":"pilares-de-la-cadena-de-suministro","status":"publish","type":"post","link":"https:\/\/www.almacafe.com.co\/en\/pilares-de-la-cadena-de-suministro\/","title":{"rendered":"Pilares de la Cadena de Suministro"},"content":{"rendered":"<div class=\"wpb-content-wrapper\"><p>[vc_row full_width=&#8221;stretch_row_content_no_spaces&#8221;][vc_column css=&#8221;.vc_custom_1592494689605{margin-top: -80px !important;}&#8221;][vc_column_text]<\/p>\n<div class=\"title_bg_services\">\n<p><img loading=\"lazy\" decoding=\"async\" class=\"alignnone size-full wp-image-2189\" src=\"\/assets\/media\/2020\/07\/img_nosotros-almacafe.jpg\" alt=\"\" width=\"1920\" height=\"600\" srcset=\"https:\/\/www.almacafe.com.co\/assets\/media\/2020\/07\/img_nosotros-almacafe.jpg 1920w, https:\/\/www.almacafe.com.co\/assets\/media\/2020\/07\/img_nosotros-almacafe-300x94.jpg 300w, https:\/\/www.almacafe.com.co\/assets\/media\/2020\/07\/img_nosotros-almacafe-1024x320.jpg 1024w, https:\/\/www.almacafe.com.co\/assets\/media\/2020\/07\/img_nosotros-almacafe-768x240.jpg 768w, https:\/\/www.almacafe.com.co\/assets\/media\/2020\/07\/img_nosotros-almacafe-1536x480.jpg 1536w, https:\/\/www.almacafe.com.co\/assets\/media\/2020\/07\/img_nosotros-almacafe-260x81.jpg 260w, https:\/\/www.almacafe.com.co\/assets\/media\/2020\/07\/img_nosotros-almacafe-50x16.jpg 50w, https:\/\/www.almacafe.com.co\/assets\/media\/2020\/07\/img_nosotros-almacafe-150x47.jpg 150w\" sizes=\"(max-width:767px) 480px, (max-width:1920px) 100vw, 1920px\" \/><\/p>\n<div class=\"title_services\">Logic Net<\/div>\n<\/div>\n<p>[\/vc_column_text][\/vc_column][\/vc_row][vc_row full_width=&#8221;stretch_row_content_no_spaces&#8221; css=&#8221;.vc_custom_1589222650864{margin-top: -35px !important;background-color: #f5f5f5 !important;}&#8221;][vc_column offset=&#8221;vc_hidden-sm vc_hidden-xs&#8221;][vc_row_inner][vc_column_inner][vc_column_text css=&#8221;.vc_custom_1591996828543{padding-left: 40px !important;}&#8221;]<\/p>\n<ul class=\"t1\">\n<li><span style=\"letter-spacing: 1px;\">BLOG INSTITUCIONAL<\/span><\/li>\n<\/ul>\n<p>[\/vc_column_text][\/vc_column_inner][\/vc_row_inner][vc_empty_space][vc_row_inner][vc_column_inner width=&#8221;5\/6&#8243;][vc_column_text css=&#8221;.vc_custom_1629210737069{padding-left: 40px !important;}&#8221;]<\/p>\n<h2 style=\"text-align: center;\">Pilares de la <strong>Cadena de Suministro <\/strong><\/h2>\n<p>&nbsp;<\/p>\n<p style=\"text-align: justify;\">Enti\u00e9ndase a la Cadena de Suministro como un conjunto de procesos de Producci\u00f3n, Suministro y Log\u00edstica cuyo objetivo es la entrega de un producto \u00f3 una soluci\u00f3n a un cliente y\/o consumidor. Esto quiere decir que, la Cadena de Suministro incluye actividades asociadas desde la obtenci\u00f3n de insumos para su transformaci\u00f3n, hasta la entrega de un producto final al mercado; todo este macroproceso conlleva a la aplicaci\u00f3n de conceptos fundamentales que le permitan a las organizaciones acceder al mercado, con el producto correcto, la cantidad correcta, en el lugar correcto, en el momento correcto y al precio correcto.<\/p>\n<p style=\"text-align: justify;\">Antes de desarrollar a fondo los aspectos m\u00e1s relevantes, es necesario definir el alcance de los subprocesos asociados a la Cadena de Suministros, como son: La Planificaci\u00f3n, El Suministro, La Producci\u00f3n y por \u00faltimo, el Transporte \u00f3 Distribuci\u00f3n; as\u00ed las cosas, lo que se busca con una adecuada Gesti\u00f3n de la Cadena de Suministros es:<\/p>\n<p style=\"padding-left: 40px; text-align: justify;\">&#8211; Reducir de manera sostenida el Costo Total de la Cadena de Suministro<\/p>\n<p style=\"padding-left: 40px; text-align: justify;\">&#8211; Una diferenciaci\u00f3n que cautive al cliente<\/p>\n<p><img loading=\"lazy\" decoding=\"async\" class=\"wp-image-4321 aligncenter\" src=\"https:\/\/www.almacafe.com.co\/assets\/media\/2021\/08\/Optimizaci\u00f3n-de-costos-1.png\" alt=\"\" width=\"338\" height=\"323\" srcset=\"https:\/\/www.almacafe.com.co\/assets\/media\/2021\/08\/Optimizaci\u00f3n-de-costos-1.png 574w, https:\/\/www.almacafe.com.co\/assets\/media\/2021\/08\/Optimizaci\u00f3n-de-costos-1-300x287.png 300w, https:\/\/www.almacafe.com.co\/assets\/media\/2021\/08\/Optimizaci\u00f3n-de-costos-1-153x146.png 153w, https:\/\/www.almacafe.com.co\/assets\/media\/2021\/08\/Optimizaci\u00f3n-de-costos-1-50x48.png 50w, https:\/\/www.almacafe.com.co\/assets\/media\/2021\/08\/Optimizaci\u00f3n-de-costos-1-78x75.png 78w\" sizes=\"(max-width:767px) 338px, 338px\" \/><\/p>\n<p>&nbsp;<\/p>\n<p style=\"text-align: justify;\">El foco de este art\u00edculo se centra en c\u00f3mo apoyar los dos objetivos anteriores y es ac\u00e1 cuando incorporamos los conceptos de:<\/p>\n<p style=\"padding-left: 40px; text-align: justify;\">&#8211; Segmentaci\u00f3n y Adaptabilidad<\/p>\n<p style=\"padding-left: 40px; text-align: justify;\">&#8211; Red Log\u00edstica customizada<\/p>\n<p style=\"padding-left: 40px; text-align: justify;\">&#8211; Monitoreo del mercado<\/p>\n<p style=\"padding-left: 40px; text-align: justify;\">&#8211; Suministro con enfoque estrat\u00e9gico<\/p>\n<p style=\"padding-left: 40px; text-align: justify;\">&#8211; Tecnolog\u00eda<\/p>\n<p style=\"padding-left: 40px; text-align: justify;\">&#8211; Mejora continua<\/p>\n<p style=\"padding-left: 40px; text-align: justify;\">&#8211; Alineaci\u00f3n y Sincronismo<\/p>\n<p>&nbsp;<\/p>\n<h4 style=\"text-align: justify;\"><strong>Segmentaci\u00f3n y Adaptabilidad<\/strong><\/h4>\n<p style=\"text-align: justify;\">Un punto de partida en la estructuraci\u00f3n de una Cadena de Suministro es conocer minuciosamente al cliente, saber que necesita, c\u00f3mo lo necesita, cu\u00e1ndo, d\u00f3nde, sus h\u00e1bitos de compra \u00f3 consumo, tener identificados los aspectos relevantes para la toma de decisi\u00f3n de compra\/consumo, que aspectos har\u00e1n que este se incline por una u otra opci\u00f3n, para as\u00ed clasificar y definir la manera de llegar de manera efectiva.<\/p>\n<p style=\"text-align: justify;\">La segmentaci\u00f3n por s\u00ed sola no funciona si esta no es aplicada a los procesos y genera un cambio dentro de la organizaci\u00f3n, desarrollar modelos de negocio, servicios y en general una estructura que permita soportar las preferencias del cliente (tiempos de entrega, empaque, cantidad, acompa\u00f1amiento, etc,).<\/p>\n<h4 style=\"text-align: justify;\"><strong>Red Log\u00edstica<\/strong><\/h4>\n<p style=\"text-align: justify;\">Una vez identificadas las necesidades del cliente se hace necesario desarrollar el modelo log\u00edstico que se ajuste a las mismas, teniendo presente siempre los preceptos de <em>\u201cEficiencia en costos\u201d<\/em> y <em>\u201cDiferenciaci\u00f3n\u201d<\/em> que se mencionaron al comienzo, asegurar la disponibilidad de los recursos necesarios, bodegas, veh\u00edculos y servicios log\u00edsticos, es una tarea por realizar. En la actualidad se vienen desarrollando nuevos conceptos que permitan llegar m\u00e1s r\u00e1pido y a menor costo al cliente; conceptos como por ejemplo el de <em>\u201cDark stores\u201d <\/em>que se vienen implementando de manera acelerada y que no es otra cosa diferente al de tener peque\u00f1as bodegas localizadas con los productos de mayor rotaci\u00f3n y que est\u00e9n localizados cerca a los clientes.<\/p>\n<p style=\"text-align: justify;\">Esta \u201cDiferenciaci\u00f3n\u201d trae consigo el ser percibido por el Cliente como un generador de valor, que debe ser aprovechado y capitalizado, bien sea como un elemento de fidelizaci\u00f3n, como un mayor generador de m\u00e1rgenes \u00f3 como ambos; la idea de que la log\u00edstica s\u00f3lo sirve para hacer llegar productos \u00f3 servicios a los clientes debe ser revaluada, pues esta no es su \u00fanica funci\u00f3n, <em>\u201cuna Red Log\u00edstica diferenciada debe generar mayores ganancias\u201d.<\/em><\/p>\n<h4 style=\"text-align: justify;\"><strong>Monitoreo del Mercado<\/strong><\/h4>\n<p style=\"text-align: justify;\">Las empresas deben estar en permanente contacto con los diferentes actores del mercado objetivo, deben monitorear los cambios y realizar los ajustes que sean necesarios, capacitar al equipo comercial y al de mercadeo, para saber identificar aspectos relevantes, comunicarlos y gestionarlos al interior de la organizaci\u00f3n; es muy v\u00e1lido tambi\u00e9n contar con estudios y encuestas complementarias que permitan obtener m\u00e1s informaci\u00f3n de parte de los clientes.<\/p>\n<h4 style=\"text-align: justify;\"><strong>Suministro Estrat\u00e9gico<\/strong><\/h4>\n<p style=\"text-align: justify;\">El \u00e1rea de Suministros es fundamental en la Gesti\u00f3n de la Cadena, esta no s\u00f3lo debe estar brindando soluciones en el corto plazo como es la funci\u00f3n de abastecimiento propiamente dicha, sino tambi\u00e9n pensando en el futuro, desarrollando un portafolio de proveedores y proyectos que generen competitividad a la organizaci\u00f3n.<\/p>\n<h4 style=\"text-align: justify;\"><strong>Tecnolog\u00eda<\/strong><\/h4>\n<p style=\"text-align: justify;\">El papel de la tecnolog\u00eda no necesariamente es el de provocar cambios abruptos en los procesos, m\u00e1s bien es el de conectarlos, automatizarlos y crear un sincronismo que permita entregar productos y servicios altamente valorados. El uso de plataformas digitales para la consecuci\u00f3n y contrataci\u00f3n de proveedores (e-sourcing), consecuci\u00f3n de cargas de retorno para optimizaci\u00f3n de transporte, toma y monitoreo de pedidos, optimizaci\u00f3n de inventarios, son algunos ejemplos de esto.<\/p>\n<h4 style=\"text-align: justify;\"><strong>Mejora Continua<\/strong><\/h4>\n<p style=\"text-align: justify;\">En todo proceso es fundamental tener un panel de indicadores que permitan medir los aspectos relevantes de una operaci\u00f3n y con esta informaci\u00f3n, gestionar la mejora e incorporar la innovaci\u00f3n al proceso y enti\u00e9ndase que la mejora no s\u00f3lo viene sugerida por los clientes que en algunas ocasiones no saben descifrar lo que realmente quieren, muchas veces las grandes innovaciones son generadas desde las organizaciones que aprenden a entender las necesidades del mercado y cuentan con equipos multifuncionales bien estructurados que lideran el proceso de innovaci\u00f3n.<\/p>\n<h4 style=\"text-align: justify;\"><strong>Alineaci\u00f3n y Sincronismo<\/strong><\/h4>\n<p style=\"text-align: justify;\">Toda organizaci\u00f3n debe tener un objetivo com\u00fan, <em>\u201cla satisfacci\u00f3n del cliente como veh\u00edculo para la generaci\u00f3n de ganancias\u201d;<\/em> para la realizaci\u00f3n de este objetivo, es necesario contar con un modelo de interacci\u00f3n estructurado, que se fundamente en la planeaci\u00f3n y la comunicaci\u00f3n sistem\u00e1tica, que adem\u00e1s mida sus ejecutorias y las ajusta de manera permanente; en este caso, estamos hablando de contar con el modelo de \u201c<strong><em>S&amp;OP<\/em><\/strong><em> &#8211; Sales and Operation Planning\u201d.<\/em><\/p>\n<p>\u00a0[\/vc_column_text][\/vc_column_inner][vc_column_inner width=&#8221;1\/6&#8243;][\/vc_column_inner][\/vc_row_inner][\/vc_column][\/vc_row]<\/p>\n<\/div>","protected":false},"excerpt":{"rendered":"<p>[vc_row full_width=&#8221;stretch_row_content_no_spaces&#8221;][vc_column css=&#8221;.vc_custom_1592494689605{margin-top: -80px !important;}&#8221;][vc_column_text] Logic Net [\/vc_column_text][\/vc_column][\/vc_row][vc_row full_width=&#8221;stretch_row_content_no_spaces&#8221; css=&#8221;.vc_custom_1589222650864{margin-top: -35px !important;background-color: #f5f5f5 !important;}&#8221;][vc_column offset=&#8221;vc_hidden-sm vc_hidden-xs&#8221;][vc_row_inner][vc_column_inner][vc_column_text css=&#8221;.vc_custom_1591996828543{padding-left: 40px !important;}&#8221;] BLOG INSTITUCIONAL [\/vc_column_text][\/vc_column_inner][\/vc_row_inner][vc_empty_space][vc_row_inner][vc_column_inner width=&#8221;5\/6&#8243;][vc_column_text css=&#8221;.vc_custom_1629210737069{padding-left: 40px !important;}&#8221;]<span class=\"excerpt-hellip\"> [\u2026]<\/span><\/p>\n","protected":false},"author":7,"featured_media":4163,"comment_status":"open","ping_status":"open","sticky":false,"template":"","format":"standard","meta":{"inline_featured_image":false,"footnotes":""},"categories":[278],"tags":[333,346,347,348,349,350,351],"class_list":["post-4326","post","type-post","status-publish","format-standard","has-post-thumbnail","hentry","category-logistica-en","tag-cadena-de-suministros-en","tag-distribucion-en","tag-optimizacion-de-costos-en","tag-planeacion-en","tag-produccion-en","tag-red-logistica-en","tag-suministro-en"],"yoast_head":"<!-- This site is optimized with the Yoast SEO plugin v23.0 - https:\/\/yoast.com\/wordpress\/plugins\/seo\/ -->\n<title>Pilares de la Cadena de Suministro | Almacaf\u00e9<\/title>\n<meta name=\"robots\" content=\"index, follow, max-snippet:-1, max-image-preview:large, max-video-preview:-1\" \/>\n<link rel=\"canonical\" href=\"https:\/\/www.almacafe.com.co\/en\/pilares-de-la-cadena-de-suministro\/\" \/>\n<meta property=\"og:locale\" content=\"en_US\" \/>\n<meta property=\"og:type\" content=\"article\" \/>\n<meta property=\"og:title\" content=\"Pilares de la Cadena de Suministro | Almacaf\u00e9\" \/>\n<meta property=\"og:description\" content=\"[vc_row full_width=&#8221;stretch_row_content_no_spaces&#8221;][vc_column css=&#8221;.vc_custom_1592494689605{margin-top: -80px !important;}&#8221;][vc_column_text] Logic Net [\/vc_column_text][\/vc_column][\/vc_row][vc_row full_width=&#8221;stretch_row_content_no_spaces&#8221; css=&#8221;.vc_custom_1589222650864{margin-top: -35px !important;background-color: #f5f5f5 !important;}&#8221;][vc_column offset=&#8221;vc_hidden-sm vc_hidden-xs&#8221;][vc_row_inner][vc_column_inner][vc_column_text css=&#8221;.vc_custom_1591996828543{padding-left: 40px !important;}&#8221;] BLOG INSTITUCIONAL [\/vc_column_text][\/vc_column_inner][\/vc_row_inner][vc_empty_space][vc_row_inner][vc_column_inner width=&#8221;5\/6&#8243;][vc_column_text css=&#8221;.vc_custom_1629210737069{padding-left: 40px !important;}&#8221;] [\u2026]\" \/>\n<meta property=\"og:url\" content=\"https:\/\/www.almacafe.com.co\/en\/pilares-de-la-cadena-de-suministro\/\" \/>\n<meta property=\"og:site_name\" content=\"Almacaf\u00e9\" \/>\n<meta property=\"article:published_time\" content=\"2021-08-10T14:29:02+00:00\" \/>\n<meta property=\"og:image\" content=\"https:\/\/www.almacafe.com.co\/assets\/media\/2021\/07\/shutterstock_447486787.jpg\" \/>\n\t<meta property=\"og:image:width\" content=\"2226\" \/>\n\t<meta property=\"og:image:height\" content=\"1689\" \/>\n\t<meta property=\"og:image:type\" content=\"image\/jpeg\" \/>\n<meta name=\"author\" content=\"Eliana Carolina Beltr\u00e1n\" \/>\n<meta name=\"twitter:card\" content=\"summary_large_image\" \/>\n<meta name=\"twitter:label1\" content=\"Written by\" \/>\n\t<meta name=\"twitter:data1\" content=\"Eliana Carolina Beltr\u00e1n\" \/>\n\t<meta name=\"twitter:label2\" content=\"Est. reading time\" \/>\n\t<meta name=\"twitter:data2\" content=\"5 minutes\" \/>\n<script type=\"application\/ld+json\" class=\"yoast-schema-graph\">{\"@context\":\"https:\/\/schema.org\",\"@graph\":[{\"@type\":\"Article\",\"@id\":\"https:\/\/www.almacafe.com.co\/en\/pilares-de-la-cadena-de-suministro\/#article\",\"isPartOf\":{\"@id\":\"https:\/\/www.almacafe.com.co\/en\/pilares-de-la-cadena-de-suministro\/\"},\"author\":{\"name\":\"Eliana Carolina Beltr\u00e1n\",\"@id\":\"https:\/\/www.almacafe.com.co\/#\/schema\/person\/8d4404acc0be3ea6fbe88b69830a92ae\"},\"headline\":\"Pilares de la Cadena de Suministro\",\"datePublished\":\"2021-08-10T14:29:02+00:00\",\"dateModified\":\"2021-08-10T14:29:02+00:00\",\"mainEntityOfPage\":{\"@id\":\"https:\/\/www.almacafe.com.co\/en\/pilares-de-la-cadena-de-suministro\/\"},\"wordCount\":1103,\"commentCount\":0,\"publisher\":{\"@id\":\"https:\/\/www.almacafe.com.co\/#organization\"},\"image\":{\"@id\":\"https:\/\/www.almacafe.com.co\/en\/pilares-de-la-cadena-de-suministro\/#primaryimage\"},\"thumbnailUrl\":\"https:\/\/www.almacafe.com.co\/assets\/media\/2021\/07\/shutterstock_447486787.jpg\",\"keywords\":[\"Cadena de suministros\",\"distribuci\u00f3n\",\"optimizacion de costos\",\"planeaci\u00f3n\",\"producci\u00f3n\",\"red log\u00edstica\",\"suministro\"],\"articleSection\":[\"Log\u00edstica\"],\"inLanguage\":\"en-US\",\"potentialAction\":[{\"@type\":\"CommentAction\",\"name\":\"Comment\",\"target\":[\"https:\/\/www.almacafe.com.co\/en\/pilares-de-la-cadena-de-suministro\/#respond\"]}]},{\"@type\":\"WebPage\",\"@id\":\"https:\/\/www.almacafe.com.co\/en\/pilares-de-la-cadena-de-suministro\/\",\"url\":\"https:\/\/www.almacafe.com.co\/en\/pilares-de-la-cadena-de-suministro\/\",\"name\":\"Pilares de la Cadena de Suministro | Almacaf\u00e9\",\"isPartOf\":{\"@id\":\"https:\/\/www.almacafe.com.co\/#website\"},\"primaryImageOfPage\":{\"@id\":\"https:\/\/www.almacafe.com.co\/en\/pilares-de-la-cadena-de-suministro\/#primaryimage\"},\"image\":{\"@id\":\"https:\/\/www.almacafe.com.co\/en\/pilares-de-la-cadena-de-suministro\/#primaryimage\"},\"thumbnailUrl\":\"https:\/\/www.almacafe.com.co\/assets\/media\/2021\/07\/shutterstock_447486787.jpg\",\"datePublished\":\"2021-08-10T14:29:02+00:00\",\"dateModified\":\"2021-08-10T14:29:02+00:00\",\"breadcrumb\":{\"@id\":\"https:\/\/www.almacafe.com.co\/en\/pilares-de-la-cadena-de-suministro\/#breadcrumb\"},\"inLanguage\":\"en-US\",\"potentialAction\":[{\"@type\":\"ReadAction\",\"target\":[\"https:\/\/www.almacafe.com.co\/en\/pilares-de-la-cadena-de-suministro\/\"]}]},{\"@type\":\"ImageObject\",\"inLanguage\":\"en-US\",\"@id\":\"https:\/\/www.almacafe.com.co\/en\/pilares-de-la-cadena-de-suministro\/#primaryimage\",\"url\":\"https:\/\/www.almacafe.com.co\/assets\/media\/2021\/07\/shutterstock_447486787.jpg\",\"contentUrl\":\"https:\/\/www.almacafe.com.co\/assets\/media\/2021\/07\/shutterstock_447486787.jpg\",\"width\":2226,\"height\":1689},{\"@type\":\"BreadcrumbList\",\"@id\":\"https:\/\/www.almacafe.com.co\/en\/pilares-de-la-cadena-de-suministro\/#breadcrumb\",\"itemListElement\":[{\"@type\":\"ListItem\",\"position\":1,\"name\":\"Home\",\"item\":\"https:\/\/www.almacafe.com.co\/\"},{\"@type\":\"ListItem\",\"position\":2,\"name\":\"Pilares de la Cadena de Suministro\"}]},{\"@type\":\"WebSite\",\"@id\":\"https:\/\/www.almacafe.com.co\/#website\",\"url\":\"https:\/\/www.almacafe.com.co\/\",\"name\":\"Almacaf\u00e9\",\"description\":\"Su log\u00edstica, nuestra alma\",\"publisher\":{\"@id\":\"https:\/\/www.almacafe.com.co\/#organization\"},\"potentialAction\":[{\"@type\":\"SearchAction\",\"target\":{\"@type\":\"EntryPoint\",\"urlTemplate\":\"https:\/\/www.almacafe.com.co\/?s={search_term_string}\"},\"query-input\":\"required name=search_term_string\"}],\"inLanguage\":\"en-US\"},{\"@type\":\"Organization\",\"@id\":\"https:\/\/www.almacafe.com.co\/#organization\",\"name\":\"Almacaf\u00e9\",\"url\":\"https:\/\/www.almacafe.com.co\/\",\"logo\":{\"@type\":\"ImageObject\",\"inLanguage\":\"en-US\",\"@id\":\"https:\/\/www.almacafe.com.co\/#\/schema\/logo\/image\/\",\"url\":\"https:\/\/www.almacafe.com.co\/assets\/media\/2020\/06\/logo-almacafe-retina.png\",\"contentUrl\":\"https:\/\/www.almacafe.com.co\/assets\/media\/2020\/06\/logo-almacafe-retina.png\",\"width\":434,\"height\":53,\"caption\":\"Almacaf\u00e9\"},\"image\":{\"@id\":\"https:\/\/www.almacafe.com.co\/#\/schema\/logo\/image\/\"}},{\"@type\":\"Person\",\"@id\":\"https:\/\/www.almacafe.com.co\/#\/schema\/person\/8d4404acc0be3ea6fbe88b69830a92ae\",\"name\":\"Eliana Carolina Beltr\u00e1n\",\"image\":{\"@type\":\"ImageObject\",\"inLanguage\":\"en-US\",\"@id\":\"https:\/\/www.almacafe.com.co\/#\/schema\/person\/image\/\",\"url\":\"https:\/\/secure.gravatar.com\/avatar\/b8fc5a0e1d1fcc6df903c18e3d01d61a?s=96&d=mm&r=g\",\"contentUrl\":\"https:\/\/secure.gravatar.com\/avatar\/b8fc5a0e1d1fcc6df903c18e3d01d61a?s=96&d=mm&r=g\",\"caption\":\"Eliana Carolina Beltr\u00e1n\"},\"sameAs\":[\"http:\/\/almacafe.com.co\"],\"url\":\"https:\/\/www.almacafe.com.co\/en\/author\/eliana\/\"}]}<\/script>\n<!-- \/ Yoast SEO plugin. -->","yoast_head_json":{"title":"Pilares de la Cadena de Suministro | Almacaf\u00e9","robots":{"index":"index","follow":"follow","max-snippet":"max-snippet:-1","max-image-preview":"max-image-preview:large","max-video-preview":"max-video-preview:-1"},"canonical":"https:\/\/www.almacafe.com.co\/en\/pilares-de-la-cadena-de-suministro\/","og_locale":"en_US","og_type":"article","og_title":"Pilares de la Cadena de Suministro | Almacaf\u00e9","og_description":"[vc_row full_width=&#8221;stretch_row_content_no_spaces&#8221;][vc_column css=&#8221;.vc_custom_1592494689605{margin-top: -80px !important;}&#8221;][vc_column_text] Logic Net [\/vc_column_text][\/vc_column][\/vc_row][vc_row full_width=&#8221;stretch_row_content_no_spaces&#8221; css=&#8221;.vc_custom_1589222650864{margin-top: -35px !important;background-color: #f5f5f5 !important;}&#8221;][vc_column offset=&#8221;vc_hidden-sm vc_hidden-xs&#8221;][vc_row_inner][vc_column_inner][vc_column_text css=&#8221;.vc_custom_1591996828543{padding-left: 40px !important;}&#8221;] BLOG INSTITUCIONAL [\/vc_column_text][\/vc_column_inner][\/vc_row_inner][vc_empty_space][vc_row_inner][vc_column_inner width=&#8221;5\/6&#8243;][vc_column_text css=&#8221;.vc_custom_1629210737069{padding-left: 40px !important;}&#8221;] [\u2026]","og_url":"https:\/\/www.almacafe.com.co\/en\/pilares-de-la-cadena-de-suministro\/","og_site_name":"Almacaf\u00e9","article_published_time":"2021-08-10T14:29:02+00:00","og_image":[{"width":2226,"height":1689,"url":"https:\/\/www.almacafe.com.co\/assets\/media\/2021\/07\/shutterstock_447486787.jpg","type":"image\/jpeg"}],"author":"Eliana Carolina Beltr\u00e1n","twitter_card":"summary_large_image","twitter_misc":{"Written by":"Eliana Carolina Beltr\u00e1n","Est. reading time":"5 minutes"},"schema":{"@context":"https:\/\/schema.org","@graph":[{"@type":"Article","@id":"https:\/\/www.almacafe.com.co\/en\/pilares-de-la-cadena-de-suministro\/#article","isPartOf":{"@id":"https:\/\/www.almacafe.com.co\/en\/pilares-de-la-cadena-de-suministro\/"},"author":{"name":"Eliana Carolina Beltr\u00e1n","@id":"https:\/\/www.almacafe.com.co\/#\/schema\/person\/8d4404acc0be3ea6fbe88b69830a92ae"},"headline":"Pilares de la Cadena de Suministro","datePublished":"2021-08-10T14:29:02+00:00","dateModified":"2021-08-10T14:29:02+00:00","mainEntityOfPage":{"@id":"https:\/\/www.almacafe.com.co\/en\/pilares-de-la-cadena-de-suministro\/"},"wordCount":1103,"commentCount":0,"publisher":{"@id":"https:\/\/www.almacafe.com.co\/#organization"},"image":{"@id":"https:\/\/www.almacafe.com.co\/en\/pilares-de-la-cadena-de-suministro\/#primaryimage"},"thumbnailUrl":"https:\/\/www.almacafe.com.co\/assets\/media\/2021\/07\/shutterstock_447486787.jpg","keywords":["Cadena de suministros","distribuci\u00f3n","optimizacion de costos","planeaci\u00f3n","producci\u00f3n","red log\u00edstica","suministro"],"articleSection":["Log\u00edstica"],"inLanguage":"en-US","potentialAction":[{"@type":"CommentAction","name":"Comment","target":["https:\/\/www.almacafe.com.co\/en\/pilares-de-la-cadena-de-suministro\/#respond"]}]},{"@type":"WebPage","@id":"https:\/\/www.almacafe.com.co\/en\/pilares-de-la-cadena-de-suministro\/","url":"https:\/\/www.almacafe.com.co\/en\/pilares-de-la-cadena-de-suministro\/","name":"Pilares de la Cadena de Suministro | Almacaf\u00e9","isPartOf":{"@id":"https:\/\/www.almacafe.com.co\/#website"},"primaryImageOfPage":{"@id":"https:\/\/www.almacafe.com.co\/en\/pilares-de-la-cadena-de-suministro\/#primaryimage"},"image":{"@id":"https:\/\/www.almacafe.com.co\/en\/pilares-de-la-cadena-de-suministro\/#primaryimage"},"thumbnailUrl":"https:\/\/www.almacafe.com.co\/assets\/media\/2021\/07\/shutterstock_447486787.jpg","datePublished":"2021-08-10T14:29:02+00:00","dateModified":"2021-08-10T14:29:02+00:00","breadcrumb":{"@id":"https:\/\/www.almacafe.com.co\/en\/pilares-de-la-cadena-de-suministro\/#breadcrumb"},"inLanguage":"en-US","potentialAction":[{"@type":"ReadAction","target":["https:\/\/www.almacafe.com.co\/en\/pilares-de-la-cadena-de-suministro\/"]}]},{"@type":"ImageObject","inLanguage":"en-US","@id":"https:\/\/www.almacafe.com.co\/en\/pilares-de-la-cadena-de-suministro\/#primaryimage","url":"https:\/\/www.almacafe.com.co\/assets\/media\/2021\/07\/shutterstock_447486787.jpg","contentUrl":"https:\/\/www.almacafe.com.co\/assets\/media\/2021\/07\/shutterstock_447486787.jpg","width":2226,"height":1689},{"@type":"BreadcrumbList","@id":"https:\/\/www.almacafe.com.co\/en\/pilares-de-la-cadena-de-suministro\/#breadcrumb","itemListElement":[{"@type":"ListItem","position":1,"name":"Home","item":"https:\/\/www.almacafe.com.co\/"},{"@type":"ListItem","position":2,"name":"Pilares de la Cadena de Suministro"}]},{"@type":"WebSite","@id":"https:\/\/www.almacafe.com.co\/#website","url":"https:\/\/www.almacafe.com.co\/","name":"Almacaf\u00e9","description":"Su log\u00edstica, nuestra alma","publisher":{"@id":"https:\/\/www.almacafe.com.co\/#organization"},"potentialAction":[{"@type":"SearchAction","target":{"@type":"EntryPoint","urlTemplate":"https:\/\/www.almacafe.com.co\/?s={search_term_string}"},"query-input":"required name=search_term_string"}],"inLanguage":"en-US"},{"@type":"Organization","@id":"https:\/\/www.almacafe.com.co\/#organization","name":"Almacaf\u00e9","url":"https:\/\/www.almacafe.com.co\/","logo":{"@type":"ImageObject","inLanguage":"en-US","@id":"https:\/\/www.almacafe.com.co\/#\/schema\/logo\/image\/","url":"https:\/\/www.almacafe.com.co\/assets\/media\/2020\/06\/logo-almacafe-retina.png","contentUrl":"https:\/\/www.almacafe.com.co\/assets\/media\/2020\/06\/logo-almacafe-retina.png","width":434,"height":53,"caption":"Almacaf\u00e9"},"image":{"@id":"https:\/\/www.almacafe.com.co\/#\/schema\/logo\/image\/"}},{"@type":"Person","@id":"https:\/\/www.almacafe.com.co\/#\/schema\/person\/8d4404acc0be3ea6fbe88b69830a92ae","name":"Eliana Carolina Beltr\u00e1n","image":{"@type":"ImageObject","inLanguage":"en-US","@id":"https:\/\/www.almacafe.com.co\/#\/schema\/person\/image\/","url":"https:\/\/secure.gravatar.com\/avatar\/b8fc5a0e1d1fcc6df903c18e3d01d61a?s=96&d=mm&r=g","contentUrl":"https:\/\/secure.gravatar.com\/avatar\/b8fc5a0e1d1fcc6df903c18e3d01d61a?s=96&d=mm&r=g","caption":"Eliana Carolina Beltr\u00e1n"},"sameAs":["http:\/\/almacafe.com.co"],"url":"https:\/\/www.almacafe.com.co\/en\/author\/eliana\/"}]}},"_links":{"self":[{"href":"https:\/\/www.almacafe.com.co\/en\/wp-json\/wp\/v2\/posts\/4326"}],"collection":[{"href":"https:\/\/www.almacafe.com.co\/en\/wp-json\/wp\/v2\/posts"}],"about":[{"href":"https:\/\/www.almacafe.com.co\/en\/wp-json\/wp\/v2\/types\/post"}],"author":[{"embeddable":true,"href":"https:\/\/www.almacafe.com.co\/en\/wp-json\/wp\/v2\/users\/7"}],"replies":[{"embeddable":true,"href":"https:\/\/www.almacafe.com.co\/en\/wp-json\/wp\/v2\/comments?post=4326"}],"version-history":[{"count":0,"href":"https:\/\/www.almacafe.com.co\/en\/wp-json\/wp\/v2\/posts\/4326\/revisions"}],"wp:featuredmedia":[{"embeddable":true,"href":"https:\/\/www.almacafe.com.co\/en\/wp-json\/wp\/v2\/media\/4163"}],"wp:attachment":[{"href":"https:\/\/www.almacafe.com.co\/en\/wp-json\/wp\/v2\/media?parent=4326"}],"wp:term":[{"taxonomy":"category","embeddable":true,"href":"https:\/\/www.almacafe.com.co\/en\/wp-json\/wp\/v2\/categories?post=4326"},{"taxonomy":"post_tag","embeddable":true,"href":"https:\/\/www.almacafe.com.co\/en\/wp-json\/wp\/v2\/tags?post=4326"}],"curies":[{"name":"wp","href":"https:\/\/api.w.org\/{rel}","templated":true}]}}